{"id":4173,"date":"2021-07-04T13:14:31","date_gmt":"2021-07-04T11:14:31","guid":{"rendered":"https:\/\/heimstaden.com\/se\/?p=4173"},"modified":"2022-10-05T14:13:48","modified_gmt":"2022-10-05T12:13:48","slug":"vietnamesisk-nudelsallad","status":"publish","type":"post","link":"https:\/\/heimstaden.com\/se\/blogg\/recept\/vietnamesisk-nudelsallad\/","title":{"rendered":"Recept p\u00e5 en smarrig och het vietnamesisk nudelsallad"},"content":{"rendered":"","protected":false},"excerpt":{"rendered":"","protected":false},"author":20,"featured_media":25274,"comment_status":"closed","ping_status":"closed","sticky":false,"template":"","format":"standard","meta":{"_acf_changed":false,"_relevanssi_hide_post":"","_relevanssi_hide_content":"","_relevanssi_pin_for_all":"","_relevanssi_pin_keywords":"","_relevanssi_unpin_keywords":"","_relevanssi_related_keywords":"","_relevanssi_related_include_ids":"","_relevanssi_related_exclude_ids":"","_relevanssi_related_no_append":"","_relevanssi_related_not_related":"","_relevanssi_related_posts":"","_relevanssi_noindex_reason":"","footnotes":""},"categories":[39],"tags":[],"class_list":["post-4173","post","type-post","status-publish","format-standard","has-post-thumbnail","hentry","category-recept"],"acf":[],"yoast_head":"<!-- This site is optimized with the Yoast SEO plugin v26.3 - https:\/\/yoast.com\/wordpress\/plugins\/seo\/ -->\n<title>Recept p\u00e5 en smarrig och het vietnamesisk nudelsallad - Heimstaden<\/title>\n<meta name=\"description\" content=\"H\u00e4r bjuder vi p\u00e5 ett enkelt och gott recept p\u00e5 en vietnamesisk nudelsallad. Perfekt till vardag och fest. Smaklig m\u00e5ltid.\" \/>\n<meta name=\"robots\" content=\"index, follow, max-snippet:-1, max-image-preview:large, max-video-preview:-1\" \/>\n<link rel=\"canonical\" href=\"https:\/\/heimstaden.com\/se\/blogg\/recept\/vietnamesisk-nudelsallad\/\" \/>\n<meta property=\"og:locale\" content=\"sv_SE\" \/>\n<meta property=\"og:type\" content=\"article\" \/>\n<meta property=\"og:title\" content=\"Recept p\u00e5 en smarrig och het vietnamesisk nudelsallad - Heimstaden\" \/>\n<meta property=\"og:description\" content=\"H\u00e4r bjuder vi p\u00e5 ett enkelt och gott recept p\u00e5 en vietnamesisk nudelsallad. Perfekt till vardag och fest. Smaklig m\u00e5ltid.\" \/>\n<meta property=\"og:url\" content=\"https:\/\/heimstaden.com\/se\/blogg\/recept\/vietnamesisk-nudelsallad\/\" \/>\n<meta property=\"og:site_name\" content=\"Heimstaden\" \/>\n<meta property=\"article:publisher\" content=\"https:\/\/www.facebook.com\/heimstadensverige\" \/>\n<meta property=\"article:published_time\" content=\"2021-07-04T11:14:31+00:00\" \/>\n<meta property=\"article:modified_time\" content=\"2022-10-05T12:13:48+00:00\" \/>\n<meta property=\"og:image\" content=\"https:\/\/heimstaden.com\/app\/uploads\/2022\/01\/Nudelsallad.jpg\" \/>\n\t<meta property=\"og:image:width\" content=\"1600\" \/>\n\t<meta property=\"og:image:height\" content=\"700\" \/>\n\t<meta property=\"og:image:type\" content=\"image\/jpeg\" \/>\n<meta name=\"author\" content=\"Karmen Mandic\" \/>\n<meta name=\"twitter:card\" content=\"summary_large_image\" \/>\n<script type=\"application\/ld+json\" class=\"yoast-schema-graph\">{\"@context\":\"https:\/\/schema.org\",\"@graph\":[{\"@type\":\"Article\",\"@id\":\"https:\/\/heimstaden.com\/se\/blogg\/recept\/vietnamesisk-nudelsallad\/#article\",\"isPartOf\":{\"@id\":\"https:\/\/heimstaden.com\/se\/blogg\/recept\/vietnamesisk-nudelsallad\/\"},\"author\":{\"name\":\"Karmen Mandic\",\"@id\":\"https:\/\/heimstaden.com\/se\/#\/schema\/person\/0f238879e5bb19393558845123b3b353\"},\"headline\":\"Recept p\u00e5 en smarrig och het vietnamesisk nudelsallad\",\"datePublished\":\"2021-07-04T11:14:31+00:00\",\"dateModified\":\"2022-10-05T12:13:48+00:00\",\"mainEntityOfPage\":{\"@id\":\"https:\/\/heimstaden.com\/se\/blogg\/recept\/vietnamesisk-nudelsallad\/\"},\"wordCount\":8,\"publisher\":{\"@id\":\"https:\/\/heimstaden.com\/se\/#organization\"},\"image\":{\"@id\":\"https:\/\/heimstaden.com\/se\/blogg\/recept\/vietnamesisk-nudelsallad\/#primaryimage\"},\"thumbnailUrl\":\"https:\/\/heimstaden.com\/app\/uploads\/2022\/01\/Nudelsallad.jpg\",\"articleSection\":[\"Recept\"],\"inLanguage\":\"sv-SE\"},{\"@type\":\"WebPage\",\"@id\":\"https:\/\/heimstaden.com\/se\/blogg\/recept\/vietnamesisk-nudelsallad\/\",\"url\":\"https:\/\/heimstaden.com\/se\/blogg\/recept\/vietnamesisk-nudelsallad\/\",\"name\":\"Recept p\u00e5 en smarrig och het vietnamesisk nudelsallad - Heimstaden\",\"isPartOf\":{\"@id\":\"https:\/\/heimstaden.com\/se\/#website\"},\"primaryImageOfPage\":{\"@id\":\"https:\/\/heimstaden.com\/se\/blogg\/recept\/vietnamesisk-nudelsallad\/#primaryimage\"},\"image\":{\"@id\":\"https:\/\/heimstaden.com\/se\/blogg\/recept\/vietnamesisk-nudelsallad\/#primaryimage\"},\"thumbnailUrl\":\"https:\/\/heimstaden.com\/app\/uploads\/2022\/01\/Nudelsallad.jpg\",\"datePublished\":\"2021-07-04T11:14:31+00:00\",\"dateModified\":\"2022-10-05T12:13:48+00:00\",\"description\":\"H\u00e4r bjuder vi p\u00e5 ett enkelt och gott recept p\u00e5 en vietnamesisk nudelsallad. Perfekt till vardag och fest. Smaklig m\u00e5ltid.\",\"breadcrumb\":{\"@id\":\"https:\/\/heimstaden.com\/se\/blogg\/recept\/vietnamesisk-nudelsallad\/#breadcrumb\"},\"inLanguage\":\"sv-SE\",\"potentialAction\":[{\"@type\":\"ReadAction\",\"target\":[\"https:\/\/heimstaden.com\/se\/blogg\/recept\/vietnamesisk-nudelsallad\/\"]}]},{\"@type\":\"ImageObject\",\"inLanguage\":\"sv-SE\",\"@id\":\"https:\/\/heimstaden.com\/se\/blogg\/recept\/vietnamesisk-nudelsallad\/#primaryimage\",\"url\":\"https:\/\/heimstaden.com\/app\/uploads\/2022\/01\/Nudelsallad.jpg\",\"contentUrl\":\"https:\/\/heimstaden.com\/app\/uploads\/2022\/01\/Nudelsallad.jpg\",\"width\":1600,\"height\":700},{\"@type\":\"BreadcrumbList\",\"@id\":\"https:\/\/heimstaden.com\/se\/blogg\/recept\/vietnamesisk-nudelsallad\/#breadcrumb\",\"itemListElement\":[{\"@type\":\"ListItem\",\"position\":1,\"name\":\"Home\",\"item\":\"https:\/\/heimstaden.com\/se\/\"},{\"@type\":\"ListItem\",\"position\":2,\"name\":\"Recept p\u00e5 en smarrig och het vietnamesisk nudelsallad\"}]},{\"@type\":\"WebSite\",\"@id\":\"https:\/\/heimstaden.com\/se\/#website\",\"url\":\"https:\/\/heimstaden.com\/se\/\",\"name\":\"Heimstaden\",\"description\":\"Boende med omtanke. S\u00f6k lediga l\u00e4genheter\",\"publisher\":{\"@id\":\"https:\/\/heimstaden.com\/se\/#organization\"},\"potentialAction\":[{\"@type\":\"SearchAction\",\"target\":{\"@type\":\"EntryPoint\",\"urlTemplate\":\"https:\/\/heimstaden.com\/se\/?s={search_term_string}\"},\"query-input\":{\"@type\":\"PropertyValueSpecification\",\"valueRequired\":true,\"valueName\":\"search_term_string\"}}],\"inLanguage\":\"sv-SE\"},{\"@type\":\"Organization\",\"@id\":\"https:\/\/heimstaden.com\/se\/#organization\",\"name\":\"Heimstaden Fastigheter AB\",\"url\":\"https:\/\/heimstaden.com\/se\/\",\"logo\":{\"@type\":\"ImageObject\",\"inLanguage\":\"sv-SE\",\"@id\":\"https:\/\/heimstaden.com\/se\/#\/schema\/logo\/image\/\",\"url\":\"https:\/\/heimstaden.com\/app\/uploads\/2018\/01\/Heimstaden_logo.png\",\"contentUrl\":\"https:\/\/heimstaden.com\/app\/uploads\/2018\/01\/Heimstaden_logo.png\",\"width\":1476,\"height\":214,\"caption\":\"Heimstaden Fastigheter AB\"},\"image\":{\"@id\":\"https:\/\/heimstaden.com\/se\/#\/schema\/logo\/image\/\"},\"sameAs\":[\"https:\/\/www.facebook.com\/heimstadensverige\",\"https:\/\/www.instagram.com\/heimstaden_sverige\/\",\"https:\/\/www.linkedin.com\/company\/15203568\/\",\"https:\/\/www.youtube.com\/channel\/UC7-UFyELvIZeLaG1Z9N14ZQ\",\"https:\/\/sv.wikipedia.org\/wiki\/Heimstaden\"]},{\"@type\":\"Person\",\"@id\":\"https:\/\/heimstaden.com\/se\/#\/schema\/person\/0f238879e5bb19393558845123b3b353\",\"name\":\"Karmen Mandic\",\"image\":{\"@type\":\"ImageObject\",\"inLanguage\":\"sv-SE\",\"@id\":\"https:\/\/heimstaden.com\/se\/#\/schema\/person\/image\/\",\"url\":\"https:\/\/secure.gravatar.com\/avatar\/29bdb8befa2fb0d160a43dc693f56446f9386fca562ccd56ee37a3d9fcca0c9a?s=96&d=mm&r=g\",\"contentUrl\":\"https:\/\/secure.gravatar.com\/avatar\/29bdb8befa2fb0d160a43dc693f56446f9386fca562ccd56ee37a3d9fcca0c9a?s=96&d=mm&r=g\",\"caption\":\"Karmen Mandic\"}}]}<\/script>\n<!-- \/ Yoast SEO plugin. -->","yoast_head_json":{"title":"Recept p\u00e5 en smarrig och het vietnamesisk nudelsallad - Heimstaden","description":"H\u00e4r bjuder vi p\u00e5 ett enkelt och gott recept p\u00e5 en vietnamesisk nudelsallad. Perfekt till vardag och fest. Smaklig m\u00e5ltid.","robots":{"index":"index","follow":"follow","max-snippet":"max-snippet:-1","max-image-preview":"max-image-preview:large","max-video-preview":"max-video-preview:-1"},"canonical":"https:\/\/heimstaden.com\/se\/blogg\/recept\/vietnamesisk-nudelsallad\/","og_locale":"sv_SE","og_type":"article","og_title":"Recept p\u00e5 en smarrig och het vietnamesisk nudelsallad - Heimstaden","og_description":"H\u00e4r bjuder vi p\u00e5 ett enkelt och gott recept p\u00e5 en vietnamesisk nudelsallad. Perfekt till vardag och fest. Smaklig m\u00e5ltid.","og_url":"https:\/\/heimstaden.com\/se\/blogg\/recept\/vietnamesisk-nudelsallad\/","og_site_name":"Heimstaden","article_publisher":"https:\/\/www.facebook.com\/heimstadensverige","article_published_time":"2021-07-04T11:14:31+00:00","article_modified_time":"2022-10-05T12:13:48+00:00","og_image":[{"width":1600,"height":700,"url":"https:\/\/heimstaden.com\/app\/uploads\/2022\/01\/Nudelsallad.jpg","type":"image\/jpeg"}],"author":"Karmen Mandic","twitter_card":"summary_large_image","schema":{"@context":"https:\/\/schema.org","@graph":[{"@type":"Article","@id":"https:\/\/heimstaden.com\/se\/blogg\/recept\/vietnamesisk-nudelsallad\/#article","isPartOf":{"@id":"https:\/\/heimstaden.com\/se\/blogg\/recept\/vietnamesisk-nudelsallad\/"},"author":{"name":"Karmen Mandic","@id":"https:\/\/heimstaden.com\/se\/#\/schema\/person\/0f238879e5bb19393558845123b3b353"},"headline":"Recept p\u00e5 en smarrig och het vietnamesisk nudelsallad","datePublished":"2021-07-04T11:14:31+00:00","dateModified":"2022-10-05T12:13:48+00:00","mainEntityOfPage":{"@id":"https:\/\/heimstaden.com\/se\/blogg\/recept\/vietnamesisk-nudelsallad\/"},"wordCount":8,"publisher":{"@id":"https:\/\/heimstaden.com\/se\/#organization"},"image":{"@id":"https:\/\/heimstaden.com\/se\/blogg\/recept\/vietnamesisk-nudelsallad\/#primaryimage"},"thumbnailUrl":"https:\/\/heimstaden.com\/app\/uploads\/2022\/01\/Nudelsallad.jpg","articleSection":["Recept"],"inLanguage":"sv-SE"},{"@type":"WebPage","@id":"https:\/\/heimstaden.com\/se\/blogg\/recept\/vietnamesisk-nudelsallad\/","url":"https:\/\/heimstaden.com\/se\/blogg\/recept\/vietnamesisk-nudelsallad\/","name":"Recept p\u00e5 en smarrig och het vietnamesisk nudelsallad - Heimstaden","isPartOf":{"@id":"https:\/\/heimstaden.com\/se\/#website"},"primaryImageOfPage":{"@id":"https:\/\/heimstaden.com\/se\/blogg\/recept\/vietnamesisk-nudelsallad\/#primaryimage"},"image":{"@id":"https:\/\/heimstaden.com\/se\/blogg\/recept\/vietnamesisk-nudelsallad\/#primaryimage"},"thumbnailUrl":"https:\/\/heimstaden.com\/app\/uploads\/2022\/01\/Nudelsallad.jpg","datePublished":"2021-07-04T11:14:31+00:00","dateModified":"2022-10-05T12:13:48+00:00","description":"H\u00e4r bjuder vi p\u00e5 ett enkelt och gott recept p\u00e5 en vietnamesisk nudelsallad. Perfekt till vardag och fest. Smaklig m\u00e5ltid.","breadcrumb":{"@id":"https:\/\/heimstaden.com\/se\/blogg\/recept\/vietnamesisk-nudelsallad\/#breadcrumb"},"inLanguage":"sv-SE","potentialAction":[{"@type":"ReadAction","target":["https:\/\/heimstaden.com\/se\/blogg\/recept\/vietnamesisk-nudelsallad\/"]}]},{"@type":"ImageObject","inLanguage":"sv-SE","@id":"https:\/\/heimstaden.com\/se\/blogg\/recept\/vietnamesisk-nudelsallad\/#primaryimage","url":"https:\/\/heimstaden.com\/app\/uploads\/2022\/01\/Nudelsallad.jpg","contentUrl":"https:\/\/heimstaden.com\/app\/uploads\/2022\/01\/Nudelsallad.jpg","width":1600,"height":700},{"@type":"BreadcrumbList","@id":"https:\/\/heimstaden.com\/se\/blogg\/recept\/vietnamesisk-nudelsallad\/#breadcrumb","itemListElement":[{"@type":"ListItem","position":1,"name":"Home","item":"https:\/\/heimstaden.com\/se\/"},{"@type":"ListItem","position":2,"name":"Recept p\u00e5 en smarrig och het vietnamesisk nudelsallad"}]},{"@type":"WebSite","@id":"https:\/\/heimstaden.com\/se\/#website","url":"https:\/\/heimstaden.com\/se\/","name":"Heimstaden","description":"Boende med omtanke. S\u00f6k lediga l\u00e4genheter","publisher":{"@id":"https:\/\/heimstaden.com\/se\/#organization"},"potentialAction":[{"@type":"SearchAction","target":{"@type":"EntryPoint","urlTemplate":"https:\/\/heimstaden.com\/se\/?s={search_term_string}"},"query-input":{"@type":"PropertyValueSpecification","valueRequired":true,"valueName":"search_term_string"}}],"inLanguage":"sv-SE"},{"@type":"Organization","@id":"https:\/\/heimstaden.com\/se\/#organization","name":"Heimstaden Fastigheter AB","url":"https:\/\/heimstaden.com\/se\/","logo":{"@type":"ImageObject","inLanguage":"sv-SE","@id":"https:\/\/heimstaden.com\/se\/#\/schema\/logo\/image\/","url":"https:\/\/heimstaden.com\/app\/uploads\/2018\/01\/Heimstaden_logo.png","contentUrl":"https:\/\/heimstaden.com\/app\/uploads\/2018\/01\/Heimstaden_logo.png","width":1476,"height":214,"caption":"Heimstaden Fastigheter AB"},"image":{"@id":"https:\/\/heimstaden.com\/se\/#\/schema\/logo\/image\/"},"sameAs":["https:\/\/www.facebook.com\/heimstadensverige","https:\/\/www.instagram.com\/heimstaden_sverige\/","https:\/\/www.linkedin.com\/company\/15203568\/","https:\/\/www.youtube.com\/channel\/UC7-UFyELvIZeLaG1Z9N14ZQ","https:\/\/sv.wikipedia.org\/wiki\/Heimstaden"]},{"@type":"Person","@id":"https:\/\/heimstaden.com\/se\/#\/schema\/person\/0f238879e5bb19393558845123b3b353","name":"Karmen Mandic","image":{"@type":"ImageObject","inLanguage":"sv-SE","@id":"https:\/\/heimstaden.com\/se\/#\/schema\/person\/image\/","url":"https:\/\/secure.gravatar.com\/avatar\/29bdb8befa2fb0d160a43dc693f56446f9386fca562ccd56ee37a3d9fcca0c9a?s=96&d=mm&r=g","contentUrl":"https:\/\/secure.gravatar.com\/avatar\/29bdb8befa2fb0d160a43dc693f56446f9386fca562ccd56ee37a3d9fcca0c9a?s=96&d=mm&r=g","caption":"Karmen Mandic"}}]}},"_links":{"self":[{"href":"https:\/\/heimstaden.com\/se\/wp-json\/wp\/v2\/posts\/4173","targetHints":{"allow":["GET"]}}],"collection":[{"href":"https:\/\/heimstaden.com\/se\/wp-json\/wp\/v2\/posts"}],"about":[{"href":"https:\/\/heimstaden.com\/se\/wp-json\/wp\/v2\/types\/post"}],"author":[{"embeddable":true,"href":"https:\/\/heimstaden.com\/se\/wp-json\/wp\/v2\/users\/20"}],"replies":[{"embeddable":true,"href":"https:\/\/heimstaden.com\/se\/wp-json\/wp\/v2\/comments?post=4173"}],"version-history":[{"count":8,"href":"https:\/\/heimstaden.com\/se\/wp-json\/wp\/v2\/posts\/4173\/revisions"}],"predecessor-version":[{"id":25764,"href":"https:\/\/heimstaden.com\/se\/wp-json\/wp\/v2\/posts\/4173\/revisions\/25764"}],"wp:featuredmedia":[{"embeddable":true,"href":"https:\/\/heimstaden.com\/se\/wp-json\/wp\/v2\/media\/25274"}],"wp:attachment":[{"href":"https:\/\/heimstaden.com\/se\/wp-json\/wp\/v2\/media?parent=4173"}],"wp:term":[{"taxonomy":"category","embeddable":true,"href":"https:\/\/heimstaden.com\/se\/wp-json\/wp\/v2\/categories?post=4173"},{"taxonomy":"post_tag","embeddable":true,"href":"https:\/\/heimstaden.com\/se\/wp-json\/wp\/v2\/tags?post=4173"}],"curies":[{"name":"wp","href":"https:\/\/api.w.org\/{rel}","templated":true}]}}