{"id":25325,"date":"2022-01-20T18:51:30","date_gmt":"2022-01-20T17:51:30","guid":{"rendered":"https:\/\/heimstaden.com\/se\/?p=25325"},"modified":"2022-03-09T09:25:52","modified_gmt":"2022-03-09T08:25:52","slug":"klinik-strangnas","status":"publish","type":"post","link":"https:\/\/heimstaden.com\/se\/blogg\/hemma-hos\/klinik-strangnas\/","title":{"rendered":"Therese i Str\u00e4ngn\u00e4s l\u00e4mnade musikalscenen och blev sjuksk\u00f6terska"},"content":{"rendered":"","protected":false},"excerpt":{"rendered":"","protected":false},"author":38,"featured_media":25327,"comment_status":"closed","ping_status":"closed","sticky":false,"template":"","format":"standard","meta":{"_acf_changed":false,"_relevanssi_hide_post":"","_relevanssi_hide_content":"","_relevanssi_pin_for_all":"","_relevanssi_pin_keywords":"","_relevanssi_unpin_keywords":"","_relevanssi_related_keywords":"","_relevanssi_related_include_ids":"","_relevanssi_related_exclude_ids":"","_relevanssi_related_no_append":"","_relevanssi_related_not_related":"","_relevanssi_related_posts":"","_relevanssi_noindex_reason":"","footnotes":""},"categories":[73],"tags":[],"class_list":["post-25325","post","type-post","status-publish","format-standard","has-post-thumbnail","hentry","category-hemma-hos"],"acf":[],"yoast_head":"<!-- This site is optimized with the Yoast SEO plugin v26.3 - https:\/\/yoast.com\/wordpress\/plugins\/seo\/ -->\n<title>Therese l\u00e4mnade musikalscenen och blev sjuksk\u00f6terska - Heimstaden<\/title>\n<meta name=\"description\" content=\"P\u00e5 K\u00e4llgatan i Str\u00e4ngn\u00e4s hyr Therese Alm\u00e9r en lokal av Heimstaden. D\u00e4r driver hon sk\u00f6nhetssalongen Caelia Clinic.\" \/>\n<meta name=\"robots\" content=\"index, follow, max-snippet:-1, max-image-preview:large, max-video-preview:-1\" \/>\n<link rel=\"canonical\" href=\"https:\/\/heimstaden.com\/se\/blogg\/hemma-hos\/klinik-strangnas\/\" \/>\n<meta property=\"og:locale\" content=\"sv_SE\" \/>\n<meta property=\"og:type\" content=\"article\" \/>\n<meta property=\"og:title\" content=\"Therese l\u00e4mnade musikalscenen och blev sjuksk\u00f6terska - Heimstaden\" \/>\n<meta property=\"og:description\" content=\"P\u00e5 K\u00e4llgatan i Str\u00e4ngn\u00e4s hyr Therese Alm\u00e9r en lokal av Heimstaden. D\u00e4r driver hon sk\u00f6nhetssalongen Caelia Clinic.\" \/>\n<meta property=\"og:url\" content=\"https:\/\/heimstaden.com\/se\/blogg\/hemma-hos\/klinik-strangnas\/\" \/>\n<meta property=\"og:site_name\" content=\"Heimstaden\" \/>\n<meta property=\"article:publisher\" content=\"https:\/\/www.facebook.com\/heimstadensverige\" \/>\n<meta property=\"article:published_time\" content=\"2022-01-20T17:51:30+00:00\" \/>\n<meta property=\"article:modified_time\" content=\"2022-03-09T08:25:52+00:00\" \/>\n<meta property=\"og:image\" content=\"https:\/\/heimstaden.com\/app\/uploads\/2022\/01\/Skonhetsklinik.jpg\" \/>\n\t<meta property=\"og:image:width\" content=\"2362\" \/>\n\t<meta property=\"og:image:height\" content=\"1181\" \/>\n\t<meta property=\"og:image:type\" content=\"image\/jpeg\" \/>\n<meta name=\"author\" content=\"madelenenilsson\" \/>\n<meta name=\"twitter:card\" content=\"summary_large_image\" \/>\n<script type=\"application\/ld+json\" class=\"yoast-schema-graph\">{\"@context\":\"https:\/\/schema.org\",\"@graph\":[{\"@type\":\"Article\",\"@id\":\"https:\/\/heimstaden.com\/se\/blogg\/hemma-hos\/klinik-strangnas\/#article\",\"isPartOf\":{\"@id\":\"https:\/\/heimstaden.com\/se\/blogg\/hemma-hos\/klinik-strangnas\/\"},\"author\":{\"name\":\"madelenenilsson\",\"@id\":\"https:\/\/heimstaden.com\/se\/#\/schema\/person\/929e11baf1b6a6aa5470d2c007b5ed1c\"},\"headline\":\"Therese i Str\u00e4ngn\u00e4s l\u00e4mnade musikalscenen och blev sjuksk\u00f6terska\",\"datePublished\":\"2022-01-20T17:51:30+00:00\",\"dateModified\":\"2022-03-09T08:25:52+00:00\",\"mainEntityOfPage\":{\"@id\":\"https:\/\/heimstaden.com\/se\/blogg\/hemma-hos\/klinik-strangnas\/\"},\"wordCount\":12,\"publisher\":{\"@id\":\"https:\/\/heimstaden.com\/se\/#organization\"},\"image\":{\"@id\":\"https:\/\/heimstaden.com\/se\/blogg\/hemma-hos\/klinik-strangnas\/#primaryimage\"},\"thumbnailUrl\":\"https:\/\/heimstaden.com\/app\/uploads\/2022\/01\/Skonhetsklinik.jpg\",\"articleSection\":[\"Hemma hos\"],\"inLanguage\":\"sv-SE\"},{\"@type\":\"WebPage\",\"@id\":\"https:\/\/heimstaden.com\/se\/blogg\/hemma-hos\/klinik-strangnas\/\",\"url\":\"https:\/\/heimstaden.com\/se\/blogg\/hemma-hos\/klinik-strangnas\/\",\"name\":\"Therese l\u00e4mnade musikalscenen och blev sjuksk\u00f6terska - Heimstaden\",\"isPartOf\":{\"@id\":\"https:\/\/heimstaden.com\/se\/#website\"},\"primaryImageOfPage\":{\"@id\":\"https:\/\/heimstaden.com\/se\/blogg\/hemma-hos\/klinik-strangnas\/#primaryimage\"},\"image\":{\"@id\":\"https:\/\/heimstaden.com\/se\/blogg\/hemma-hos\/klinik-strangnas\/#primaryimage\"},\"thumbnailUrl\":\"https:\/\/heimstaden.com\/app\/uploads\/2022\/01\/Skonhetsklinik.jpg\",\"datePublished\":\"2022-01-20T17:51:30+00:00\",\"dateModified\":\"2022-03-09T08:25:52+00:00\",\"description\":\"P\u00e5 K\u00e4llgatan i Str\u00e4ngn\u00e4s hyr Therese Alm\u00e9r en lokal av Heimstaden. D\u00e4r driver hon sk\u00f6nhetssalongen Caelia Clinic.\",\"breadcrumb\":{\"@id\":\"https:\/\/heimstaden.com\/se\/blogg\/hemma-hos\/klinik-strangnas\/#breadcrumb\"},\"inLanguage\":\"sv-SE\",\"potentialAction\":[{\"@type\":\"ReadAction\",\"target\":[\"https:\/\/heimstaden.com\/se\/blogg\/hemma-hos\/klinik-strangnas\/\"]}]},{\"@type\":\"ImageObject\",\"inLanguage\":\"sv-SE\",\"@id\":\"https:\/\/heimstaden.com\/se\/blogg\/hemma-hos\/klinik-strangnas\/#primaryimage\",\"url\":\"https:\/\/heimstaden.com\/app\/uploads\/2022\/01\/Skonhetsklinik.jpg\",\"contentUrl\":\"https:\/\/heimstaden.com\/app\/uploads\/2022\/01\/Skonhetsklinik.jpg\",\"width\":2362,\"height\":1181,\"caption\":\"Sk\u00f6nhetsklinik i Str\u00e4ngn\u00e4s\"},{\"@type\":\"BreadcrumbList\",\"@id\":\"https:\/\/heimstaden.com\/se\/blogg\/hemma-hos\/klinik-strangnas\/#breadcrumb\",\"itemListElement\":[{\"@type\":\"ListItem\",\"position\":1,\"name\":\"Home\",\"item\":\"https:\/\/heimstaden.com\/se\/\"},{\"@type\":\"ListItem\",\"position\":2,\"name\":\"Therese i Str\u00e4ngn\u00e4s l\u00e4mnade musikalscenen och blev sjuksk\u00f6terska\"}]},{\"@type\":\"WebSite\",\"@id\":\"https:\/\/heimstaden.com\/se\/#website\",\"url\":\"https:\/\/heimstaden.com\/se\/\",\"name\":\"Heimstaden\",\"description\":\"Boende med omtanke. S\u00f6k lediga l\u00e4genheter\",\"publisher\":{\"@id\":\"https:\/\/heimstaden.com\/se\/#organization\"},\"potentialAction\":[{\"@type\":\"SearchAction\",\"target\":{\"@type\":\"EntryPoint\",\"urlTemplate\":\"https:\/\/heimstaden.com\/se\/?s={search_term_string}\"},\"query-input\":{\"@type\":\"PropertyValueSpecification\",\"valueRequired\":true,\"valueName\":\"search_term_string\"}}],\"inLanguage\":\"sv-SE\"},{\"@type\":\"Organization\",\"@id\":\"https:\/\/heimstaden.com\/se\/#organization\",\"name\":\"Heimstaden Fastigheter AB\",\"url\":\"https:\/\/heimstaden.com\/se\/\",\"logo\":{\"@type\":\"ImageObject\",\"inLanguage\":\"sv-SE\",\"@id\":\"https:\/\/heimstaden.com\/se\/#\/schema\/logo\/image\/\",\"url\":\"https:\/\/heimstaden.com\/app\/uploads\/2018\/01\/Heimstaden_logo.png\",\"contentUrl\":\"https:\/\/heimstaden.com\/app\/uploads\/2018\/01\/Heimstaden_logo.png\",\"width\":1476,\"height\":214,\"caption\":\"Heimstaden Fastigheter AB\"},\"image\":{\"@id\":\"https:\/\/heimstaden.com\/se\/#\/schema\/logo\/image\/\"},\"sameAs\":[\"https:\/\/www.facebook.com\/heimstadensverige\",\"https:\/\/www.instagram.com\/heimstaden_sverige\/\",\"https:\/\/www.linkedin.com\/company\/15203568\/\",\"https:\/\/www.youtube.com\/channel\/UC7-UFyELvIZeLaG1Z9N14ZQ\",\"https:\/\/sv.wikipedia.org\/wiki\/Heimstaden\"]},{\"@type\":\"Person\",\"@id\":\"https:\/\/heimstaden.com\/se\/#\/schema\/person\/929e11baf1b6a6aa5470d2c007b5ed1c\",\"name\":\"madelenenilsson\",\"image\":{\"@type\":\"ImageObject\",\"inLanguage\":\"sv-SE\",\"@id\":\"https:\/\/heimstaden.com\/se\/#\/schema\/person\/image\/\",\"url\":\"https:\/\/secure.gravatar.com\/avatar\/267960b659fb366f7d32e577feea1fbd09d44a9ad8152c2ed9d70062056ad60f?s=96&d=mm&r=g\",\"contentUrl\":\"https:\/\/secure.gravatar.com\/avatar\/267960b659fb366f7d32e577feea1fbd09d44a9ad8152c2ed9d70062056ad60f?s=96&d=mm&r=g\",\"caption\":\"madelenenilsson\"}}]}<\/script>\n<!-- \/ Yoast SEO plugin. -->","yoast_head_json":{"title":"Therese l\u00e4mnade musikalscenen och blev sjuksk\u00f6terska - Heimstaden","description":"P\u00e5 K\u00e4llgatan i Str\u00e4ngn\u00e4s hyr Therese Alm\u00e9r en lokal av Heimstaden. D\u00e4r driver hon sk\u00f6nhetssalongen Caelia Clinic.","robots":{"index":"index","follow":"follow","max-snippet":"max-snippet:-1","max-image-preview":"max-image-preview:large","max-video-preview":"max-video-preview:-1"},"canonical":"https:\/\/heimstaden.com\/se\/blogg\/hemma-hos\/klinik-strangnas\/","og_locale":"sv_SE","og_type":"article","og_title":"Therese l\u00e4mnade musikalscenen och blev sjuksk\u00f6terska - Heimstaden","og_description":"P\u00e5 K\u00e4llgatan i Str\u00e4ngn\u00e4s hyr Therese Alm\u00e9r en lokal av Heimstaden. D\u00e4r driver hon sk\u00f6nhetssalongen Caelia Clinic.","og_url":"https:\/\/heimstaden.com\/se\/blogg\/hemma-hos\/klinik-strangnas\/","og_site_name":"Heimstaden","article_publisher":"https:\/\/www.facebook.com\/heimstadensverige","article_published_time":"2022-01-20T17:51:30+00:00","article_modified_time":"2022-03-09T08:25:52+00:00","og_image":[{"width":2362,"height":1181,"url":"https:\/\/heimstaden.com\/app\/uploads\/2022\/01\/Skonhetsklinik.jpg","type":"image\/jpeg"}],"author":"madelenenilsson","twitter_card":"summary_large_image","schema":{"@context":"https:\/\/schema.org","@graph":[{"@type":"Article","@id":"https:\/\/heimstaden.com\/se\/blogg\/hemma-hos\/klinik-strangnas\/#article","isPartOf":{"@id":"https:\/\/heimstaden.com\/se\/blogg\/hemma-hos\/klinik-strangnas\/"},"author":{"name":"madelenenilsson","@id":"https:\/\/heimstaden.com\/se\/#\/schema\/person\/929e11baf1b6a6aa5470d2c007b5ed1c"},"headline":"Therese i Str\u00e4ngn\u00e4s l\u00e4mnade musikalscenen och blev sjuksk\u00f6terska","datePublished":"2022-01-20T17:51:30+00:00","dateModified":"2022-03-09T08:25:52+00:00","mainEntityOfPage":{"@id":"https:\/\/heimstaden.com\/se\/blogg\/hemma-hos\/klinik-strangnas\/"},"wordCount":12,"publisher":{"@id":"https:\/\/heimstaden.com\/se\/#organization"},"image":{"@id":"https:\/\/heimstaden.com\/se\/blogg\/hemma-hos\/klinik-strangnas\/#primaryimage"},"thumbnailUrl":"https:\/\/heimstaden.com\/app\/uploads\/2022\/01\/Skonhetsklinik.jpg","articleSection":["Hemma hos"],"inLanguage":"sv-SE"},{"@type":"WebPage","@id":"https:\/\/heimstaden.com\/se\/blogg\/hemma-hos\/klinik-strangnas\/","url":"https:\/\/heimstaden.com\/se\/blogg\/hemma-hos\/klinik-strangnas\/","name":"Therese l\u00e4mnade musikalscenen och blev sjuksk\u00f6terska - Heimstaden","isPartOf":{"@id":"https:\/\/heimstaden.com\/se\/#website"},"primaryImageOfPage":{"@id":"https:\/\/heimstaden.com\/se\/blogg\/hemma-hos\/klinik-strangnas\/#primaryimage"},"image":{"@id":"https:\/\/heimstaden.com\/se\/blogg\/hemma-hos\/klinik-strangnas\/#primaryimage"},"thumbnailUrl":"https:\/\/heimstaden.com\/app\/uploads\/2022\/01\/Skonhetsklinik.jpg","datePublished":"2022-01-20T17:51:30+00:00","dateModified":"2022-03-09T08:25:52+00:00","description":"P\u00e5 K\u00e4llgatan i Str\u00e4ngn\u00e4s hyr Therese Alm\u00e9r en lokal av Heimstaden. D\u00e4r driver hon sk\u00f6nhetssalongen Caelia Clinic.","breadcrumb":{"@id":"https:\/\/heimstaden.com\/se\/blogg\/hemma-hos\/klinik-strangnas\/#breadcrumb"},"inLanguage":"sv-SE","potentialAction":[{"@type":"ReadAction","target":["https:\/\/heimstaden.com\/se\/blogg\/hemma-hos\/klinik-strangnas\/"]}]},{"@type":"ImageObject","inLanguage":"sv-SE","@id":"https:\/\/heimstaden.com\/se\/blogg\/hemma-hos\/klinik-strangnas\/#primaryimage","url":"https:\/\/heimstaden.com\/app\/uploads\/2022\/01\/Skonhetsklinik.jpg","contentUrl":"https:\/\/heimstaden.com\/app\/uploads\/2022\/01\/Skonhetsklinik.jpg","width":2362,"height":1181,"caption":"Sk\u00f6nhetsklinik i Str\u00e4ngn\u00e4s"},{"@type":"BreadcrumbList","@id":"https:\/\/heimstaden.com\/se\/blogg\/hemma-hos\/klinik-strangnas\/#breadcrumb","itemListElement":[{"@type":"ListItem","position":1,"name":"Home","item":"https:\/\/heimstaden.com\/se\/"},{"@type":"ListItem","position":2,"name":"Therese i Str\u00e4ngn\u00e4s l\u00e4mnade musikalscenen och blev sjuksk\u00f6terska"}]},{"@type":"WebSite","@id":"https:\/\/heimstaden.com\/se\/#website","url":"https:\/\/heimstaden.com\/se\/","name":"Heimstaden","description":"Boende med omtanke. S\u00f6k lediga l\u00e4genheter","publisher":{"@id":"https:\/\/heimstaden.com\/se\/#organization"},"potentialAction":[{"@type":"SearchAction","target":{"@type":"EntryPoint","urlTemplate":"https:\/\/heimstaden.com\/se\/?s={search_term_string}"},"query-input":{"@type":"PropertyValueSpecification","valueRequired":true,"valueName":"search_term_string"}}],"inLanguage":"sv-SE"},{"@type":"Organization","@id":"https:\/\/heimstaden.com\/se\/#organization","name":"Heimstaden Fastigheter AB","url":"https:\/\/heimstaden.com\/se\/","logo":{"@type":"ImageObject","inLanguage":"sv-SE","@id":"https:\/\/heimstaden.com\/se\/#\/schema\/logo\/image\/","url":"https:\/\/heimstaden.com\/app\/uploads\/2018\/01\/Heimstaden_logo.png","contentUrl":"https:\/\/heimstaden.com\/app\/uploads\/2018\/01\/Heimstaden_logo.png","width":1476,"height":214,"caption":"Heimstaden Fastigheter AB"},"image":{"@id":"https:\/\/heimstaden.com\/se\/#\/schema\/logo\/image\/"},"sameAs":["https:\/\/www.facebook.com\/heimstadensverige","https:\/\/www.instagram.com\/heimstaden_sverige\/","https:\/\/www.linkedin.com\/company\/15203568\/","https:\/\/www.youtube.com\/channel\/UC7-UFyELvIZeLaG1Z9N14ZQ","https:\/\/sv.wikipedia.org\/wiki\/Heimstaden"]},{"@type":"Person","@id":"https:\/\/heimstaden.com\/se\/#\/schema\/person\/929e11baf1b6a6aa5470d2c007b5ed1c","name":"madelenenilsson","image":{"@type":"ImageObject","inLanguage":"sv-SE","@id":"https:\/\/heimstaden.com\/se\/#\/schema\/person\/image\/","url":"https:\/\/secure.gravatar.com\/avatar\/267960b659fb366f7d32e577feea1fbd09d44a9ad8152c2ed9d70062056ad60f?s=96&d=mm&r=g","contentUrl":"https:\/\/secure.gravatar.com\/avatar\/267960b659fb366f7d32e577feea1fbd09d44a9ad8152c2ed9d70062056ad60f?s=96&d=mm&r=g","caption":"madelenenilsson"}}]}},"_links":{"self":[{"href":"https:\/\/heimstaden.com\/se\/wp-json\/wp\/v2\/posts\/25325","targetHints":{"allow":["GET"]}}],"collection":[{"href":"https:\/\/heimstaden.com\/se\/wp-json\/wp\/v2\/posts"}],"about":[{"href":"https:\/\/heimstaden.com\/se\/wp-json\/wp\/v2\/types\/post"}],"author":[{"embeddable":true,"href":"https:\/\/heimstaden.com\/se\/wp-json\/wp\/v2\/users\/38"}],"replies":[{"embeddable":true,"href":"https:\/\/heimstaden.com\/se\/wp-json\/wp\/v2\/comments?post=25325"}],"version-history":[{"count":4,"href":"https:\/\/heimstaden.com\/se\/wp-json\/wp\/v2\/posts\/25325\/revisions"}],"predecessor-version":[{"id":25334,"href":"https:\/\/heimstaden.com\/se\/wp-json\/wp\/v2\/posts\/25325\/revisions\/25334"}],"wp:featuredmedia":[{"embeddable":true,"href":"https:\/\/heimstaden.com\/se\/wp-json\/wp\/v2\/media\/25327"}],"wp:attachment":[{"href":"https:\/\/heimstaden.com\/se\/wp-json\/wp\/v2\/media?parent=25325"}],"wp:term":[{"taxonomy":"category","embeddable":true,"href":"https:\/\/heimstaden.com\/se\/wp-json\/wp\/v2\/categories?post=25325"},{"taxonomy":"post_tag","embeddable":true,"href":"https:\/\/heimstaden.com\/se\/wp-json\/wp\/v2\/tags?post=25325"}],"curies":[{"name":"wp","href":"https:\/\/api.w.org\/{rel}","templated":true}]}}