{"id":14742,"date":"2023-03-23T17:41:30","date_gmt":"2023-03-23T16:41:30","guid":{"rendered":"https:\/\/heimstaden.com\/de\/?p=14742"},"modified":"2026-04-21T09:49:22","modified_gmt":"2026-04-21T07:49:22","slug":"mieterinnenfest-in-halle","status":"publish","type":"post","link":"https:\/\/heimstaden.com\/de\/blog\/nachhaltigkeit\/mieterinnenfest-in-halle\/","title":{"rendered":"Mieter:innenfest in Halle"},"content":{"rendered":"","protected":false},"excerpt":{"rendered":"","protected":false},"author":77,"featured_media":14802,"comment_status":"closed","ping_status":"closed","sticky":false,"template":"","format":"standard","meta":{"_acf_changed":false,"_relevanssi_hide_post":"","_relevanssi_hide_content":"","_relevanssi_pin_for_all":"","_relevanssi_pin_keywords":"","_relevanssi_unpin_keywords":"","_relevanssi_related_keywords":"","_relevanssi_related_include_ids":"","_relevanssi_related_exclude_ids":"","_relevanssi_related_no_append":"","_relevanssi_related_not_related":"","_relevanssi_related_posts":"","_relevanssi_noindex_reason":"","footnotes":""},"categories":[42,53],"tags":[71,97,98,99,100],"class_list":["post-14742","post","type-post","status-publish","format-standard","has-post-thumbnail","hentry","category-heimgarten","category-nachhaltigkeit","tag-achtsamkeit","tag-gemeinschaft","tag-nachbarschaft","tag-feiern","tag-mieterfest"],"acf":[],"yoast_head":"<!-- This site is optimized with the Yoast SEO plugin v26.3 - https:\/\/yoast.com\/wordpress\/plugins\/seo\/ -->\n<title>Mieter:innenfest in Halle - Heimstaden<\/title>\n<meta name=\"description\" content=\"Erstes Mieter:innenfest in Halle! Mit tollen Gespr\u00e4chen bei Speisen und Getr\u00e4nken, einer H\u00fcpfburg f\u00fcr die Kleinen und einer Tombola.\" \/>\n<meta name=\"robots\" content=\"index, follow, max-snippet:-1, max-image-preview:large, max-video-preview:-1\" \/>\n<link rel=\"canonical\" href=\"https:\/\/heimstaden.com\/de\/blog\/nachhaltigkeit\/mieterinnenfest-in-halle\/\" \/>\n<meta property=\"og:locale\" content=\"de_DE\" \/>\n<meta property=\"og:type\" content=\"article\" \/>\n<meta property=\"og:title\" content=\"Mieter:innenfest in Halle - Heimstaden\" \/>\n<meta property=\"og:description\" content=\"Erstes Mieter:innenfest in Halle! Mit tollen Gespr\u00e4chen bei Speisen und Getr\u00e4nken, einer H\u00fcpfburg f\u00fcr die Kleinen und einer Tombola.\" \/>\n<meta property=\"og:url\" content=\"https:\/\/heimstaden.com\/de\/blog\/nachhaltigkeit\/mieterinnenfest-in-halle\/\" \/>\n<meta property=\"og:site_name\" content=\"Heimstaden\" \/>\n<meta property=\"article:published_time\" content=\"2023-03-23T16:41:30+00:00\" \/>\n<meta property=\"article:modified_time\" content=\"2026-04-21T07:49:22+00:00\" \/>\n<meta property=\"og:image\" content=\"https:\/\/heimstaden.com\/de\/app\/uploads\/sites\/5\/2023\/03\/Header-Mieterfest-Halle-.png\" \/>\n\t<meta property=\"og:image:width\" content=\"1300\" \/>\n\t<meta property=\"og:image:height\" content=\"600\" \/>\n\t<meta property=\"og:image:type\" content=\"image\/png\" \/>\n<meta name=\"author\" content=\"piasperling\" \/>\n<meta name=\"twitter:card\" content=\"summary_large_image\" \/>\n<meta name=\"twitter:label1\" content=\"Written by\" \/>\n\t<meta name=\"twitter:data1\" content=\"piasperling\" \/>\n<script type=\"application\/ld+json\" class=\"yoast-schema-graph\">{\"@context\":\"https:\/\/schema.org\",\"@graph\":[{\"@type\":\"WebPage\",\"@id\":\"https:\/\/heimstaden.com\/de\/blog\/nachhaltigkeit\/mieterinnenfest-in-halle\/\",\"url\":\"https:\/\/heimstaden.com\/de\/blog\/nachhaltigkeit\/mieterinnenfest-in-halle\/\",\"name\":\"Mieter:innenfest in Halle - Heimstaden\",\"isPartOf\":{\"@id\":\"https:\/\/heimstaden.com\/de\/#website\"},\"primaryImageOfPage\":{\"@id\":\"https:\/\/heimstaden.com\/de\/blog\/nachhaltigkeit\/mieterinnenfest-in-halle\/#primaryimage\"},\"image\":{\"@id\":\"https:\/\/heimstaden.com\/de\/blog\/nachhaltigkeit\/mieterinnenfest-in-halle\/#primaryimage\"},\"thumbnailUrl\":\"https:\/\/heimstaden.com\/de\/app\/uploads\/sites\/5\/2023\/03\/Header-Mieterfest-Halle-.png\",\"datePublished\":\"2023-03-23T16:41:30+00:00\",\"dateModified\":\"2026-04-21T07:49:22+00:00\",\"author\":{\"@id\":\"https:\/\/heimstaden.com\/de\/#\/schema\/person\/f4cb743f694de0ff6bcfd2b40fc7fb1a\"},\"description\":\"Erstes Mieter:innenfest in Halle! Mit tollen Gespr\u00e4chen bei Speisen und Getr\u00e4nken, einer H\u00fcpfburg f\u00fcr die Kleinen und einer Tombola.\",\"breadcrumb\":{\"@id\":\"https:\/\/heimstaden.com\/de\/blog\/nachhaltigkeit\/mieterinnenfest-in-halle\/#breadcrumb\"},\"inLanguage\":\"de\",\"potentialAction\":[{\"@type\":\"ReadAction\",\"target\":[\"https:\/\/heimstaden.com\/de\/blog\/nachhaltigkeit\/mieterinnenfest-in-halle\/\"]}]},{\"@type\":\"ImageObject\",\"inLanguage\":\"de\",\"@id\":\"https:\/\/heimstaden.com\/de\/blog\/nachhaltigkeit\/mieterinnenfest-in-halle\/#primaryimage\",\"url\":\"https:\/\/heimstaden.com\/de\/app\/uploads\/sites\/5\/2023\/03\/Header-Mieterfest-Halle-.png\",\"contentUrl\":\"https:\/\/heimstaden.com\/de\/app\/uploads\/sites\/5\/2023\/03\/Header-Mieterfest-Halle-.png\",\"width\":1300,\"height\":600},{\"@type\":\"BreadcrumbList\",\"@id\":\"https:\/\/heimstaden.com\/de\/blog\/nachhaltigkeit\/mieterinnenfest-in-halle\/#breadcrumb\",\"itemListElement\":[{\"@type\":\"ListItem\",\"position\":1,\"name\":\"Home\",\"item\":\"https:\/\/heimstaden.com\/de\/\"},{\"@type\":\"ListItem\",\"position\":2,\"name\":\"Mieter:innenfest in Halle\"}]},{\"@type\":\"WebSite\",\"@id\":\"https:\/\/heimstaden.com\/de\/#website\",\"url\":\"https:\/\/heimstaden.com\/de\/\",\"name\":\"Heimstaden\",\"description\":\"\",\"potentialAction\":[{\"@type\":\"SearchAction\",\"target\":{\"@type\":\"EntryPoint\",\"urlTemplate\":\"https:\/\/heimstaden.com\/de\/?s={search_term_string}\"},\"query-input\":{\"@type\":\"PropertyValueSpecification\",\"valueRequired\":true,\"valueName\":\"search_term_string\"}}],\"inLanguage\":\"de\"},{\"@type\":\"Person\",\"@id\":\"https:\/\/heimstaden.com\/de\/#\/schema\/person\/f4cb743f694de0ff6bcfd2b40fc7fb1a\",\"name\":\"piasperling\",\"image\":{\"@type\":\"ImageObject\",\"inLanguage\":\"de\",\"@id\":\"https:\/\/heimstaden.com\/de\/#\/schema\/person\/image\/\",\"url\":\"https:\/\/secure.gravatar.com\/avatar\/c971a1474a9f818b34ff9f157db96497df323cd80a391c17de9f3310b4eacc2c?s=96&d=mm&r=g\",\"contentUrl\":\"https:\/\/secure.gravatar.com\/avatar\/c971a1474a9f818b34ff9f157db96497df323cd80a391c17de9f3310b4eacc2c?s=96&d=mm&r=g\",\"caption\":\"piasperling\"},\"url\":\"https:\/\/heimstaden.com\/de\/blog\/author\/piasperling\/\"}]}<\/script>\n<!-- \/ Yoast SEO plugin. -->","yoast_head_json":{"title":"Mieter:innenfest in Halle - Heimstaden","description":"Erstes Mieter:innenfest in Halle! Mit tollen Gespr\u00e4chen bei Speisen und Getr\u00e4nken, einer H\u00fcpfburg f\u00fcr die Kleinen und einer Tombola.","robots":{"index":"index","follow":"follow","max-snippet":"max-snippet:-1","max-image-preview":"max-image-preview:large","max-video-preview":"max-video-preview:-1"},"canonical":"https:\/\/heimstaden.com\/de\/blog\/nachhaltigkeit\/mieterinnenfest-in-halle\/","og_locale":"de_DE","og_type":"article","og_title":"Mieter:innenfest in Halle - Heimstaden","og_description":"Erstes Mieter:innenfest in Halle! Mit tollen Gespr\u00e4chen bei Speisen und Getr\u00e4nken, einer H\u00fcpfburg f\u00fcr die Kleinen und einer Tombola.","og_url":"https:\/\/heimstaden.com\/de\/blog\/nachhaltigkeit\/mieterinnenfest-in-halle\/","og_site_name":"Heimstaden","article_published_time":"2023-03-23T16:41:30+00:00","article_modified_time":"2026-04-21T07:49:22+00:00","og_image":[{"width":1300,"height":600,"url":"https:\/\/heimstaden.com\/de\/app\/uploads\/sites\/5\/2023\/03\/Header-Mieterfest-Halle-.png","type":"image\/png"}],"author":"piasperling","twitter_card":"summary_large_image","twitter_misc":{"Written by":"piasperling"},"schema":{"@context":"https:\/\/schema.org","@graph":[{"@type":"WebPage","@id":"https:\/\/heimstaden.com\/de\/blog\/nachhaltigkeit\/mieterinnenfest-in-halle\/","url":"https:\/\/heimstaden.com\/de\/blog\/nachhaltigkeit\/mieterinnenfest-in-halle\/","name":"Mieter:innenfest in Halle - Heimstaden","isPartOf":{"@id":"https:\/\/heimstaden.com\/de\/#website"},"primaryImageOfPage":{"@id":"https:\/\/heimstaden.com\/de\/blog\/nachhaltigkeit\/mieterinnenfest-in-halle\/#primaryimage"},"image":{"@id":"https:\/\/heimstaden.com\/de\/blog\/nachhaltigkeit\/mieterinnenfest-in-halle\/#primaryimage"},"thumbnailUrl":"https:\/\/heimstaden.com\/de\/app\/uploads\/sites\/5\/2023\/03\/Header-Mieterfest-Halle-.png","datePublished":"2023-03-23T16:41:30+00:00","dateModified":"2026-04-21T07:49:22+00:00","author":{"@id":"https:\/\/heimstaden.com\/de\/#\/schema\/person\/f4cb743f694de0ff6bcfd2b40fc7fb1a"},"description":"Erstes Mieter:innenfest in Halle! Mit tollen Gespr\u00e4chen bei Speisen und Getr\u00e4nken, einer H\u00fcpfburg f\u00fcr die Kleinen und einer Tombola.","breadcrumb":{"@id":"https:\/\/heimstaden.com\/de\/blog\/nachhaltigkeit\/mieterinnenfest-in-halle\/#breadcrumb"},"inLanguage":"de","potentialAction":[{"@type":"ReadAction","target":["https:\/\/heimstaden.com\/de\/blog\/nachhaltigkeit\/mieterinnenfest-in-halle\/"]}]},{"@type":"ImageObject","inLanguage":"de","@id":"https:\/\/heimstaden.com\/de\/blog\/nachhaltigkeit\/mieterinnenfest-in-halle\/#primaryimage","url":"https:\/\/heimstaden.com\/de\/app\/uploads\/sites\/5\/2023\/03\/Header-Mieterfest-Halle-.png","contentUrl":"https:\/\/heimstaden.com\/de\/app\/uploads\/sites\/5\/2023\/03\/Header-Mieterfest-Halle-.png","width":1300,"height":600},{"@type":"BreadcrumbList","@id":"https:\/\/heimstaden.com\/de\/blog\/nachhaltigkeit\/mieterinnenfest-in-halle\/#breadcrumb","itemListElement":[{"@type":"ListItem","position":1,"name":"Home","item":"https:\/\/heimstaden.com\/de\/"},{"@type":"ListItem","position":2,"name":"Mieter:innenfest in Halle"}]},{"@type":"WebSite","@id":"https:\/\/heimstaden.com\/de\/#website","url":"https:\/\/heimstaden.com\/de\/","name":"Heimstaden","description":"","potentialAction":[{"@type":"SearchAction","target":{"@type":"EntryPoint","urlTemplate":"https:\/\/heimstaden.com\/de\/?s={search_term_string}"},"query-input":{"@type":"PropertyValueSpecification","valueRequired":true,"valueName":"search_term_string"}}],"inLanguage":"de"},{"@type":"Person","@id":"https:\/\/heimstaden.com\/de\/#\/schema\/person\/f4cb743f694de0ff6bcfd2b40fc7fb1a","name":"piasperling","image":{"@type":"ImageObject","inLanguage":"de","@id":"https:\/\/heimstaden.com\/de\/#\/schema\/person\/image\/","url":"https:\/\/secure.gravatar.com\/avatar\/c971a1474a9f818b34ff9f157db96497df323cd80a391c17de9f3310b4eacc2c?s=96&d=mm&r=g","contentUrl":"https:\/\/secure.gravatar.com\/avatar\/c971a1474a9f818b34ff9f157db96497df323cd80a391c17de9f3310b4eacc2c?s=96&d=mm&r=g","caption":"piasperling"},"url":"https:\/\/heimstaden.com\/de\/blog\/author\/piasperling\/"}]}},"_links":{"self":[{"href":"https:\/\/heimstaden.com\/de\/wp-json\/wp\/v2\/posts\/14742","targetHints":{"allow":["GET"]}}],"collection":[{"href":"https:\/\/heimstaden.com\/de\/wp-json\/wp\/v2\/posts"}],"about":[{"href":"https:\/\/heimstaden.com\/de\/wp-json\/wp\/v2\/types\/post"}],"author":[{"embeddable":true,"href":"https:\/\/heimstaden.com\/de\/wp-json\/wp\/v2\/users\/77"}],"replies":[{"embeddable":true,"href":"https:\/\/heimstaden.com\/de\/wp-json\/wp\/v2\/comments?post=14742"}],"version-history":[{"count":10,"href":"https:\/\/heimstaden.com\/de\/wp-json\/wp\/v2\/posts\/14742\/revisions"}],"predecessor-version":[{"id":24675,"href":"https:\/\/heimstaden.com\/de\/wp-json\/wp\/v2\/posts\/14742\/revisions\/24675"}],"wp:featuredmedia":[{"embeddable":true,"href":"https:\/\/heimstaden.com\/de\/wp-json\/wp\/v2\/media\/14802"}],"wp:attachment":[{"href":"https:\/\/heimstaden.com\/de\/wp-json\/wp\/v2\/media?parent=14742"}],"wp:term":[{"taxonomy":"category","embeddable":true,"href":"https:\/\/heimstaden.com\/de\/wp-json\/wp\/v2\/categories?post=14742"},{"taxonomy":"post_tag","embeddable":true,"href":"https:\/\/heimstaden.com\/de\/wp-json\/wp\/v2\/tags?post=14742"}],"curies":[{"name":"wp","href":"https:\/\/api.w.org\/{rel}","templated":true}]}}